{"id":175,"date":"2020-07-12T10:28:00","date_gmt":"2020-07-12T08:28:00","guid":{"rendered":"http:\/\/www.lesphosphorescentes.com\/?p=175"},"modified":"2020-07-21T21:14:19","modified_gmt":"2020-07-21T19:14:19","slug":"ateliers-de-pratiques-artistiques-et-actions-culturelles","status":"publish","type":"post","link":"https:\/\/www.lesphosphorescentes.com\/?p=175","title":{"rendered":"ATELIERS DE PRATIQUES ARTISTIQUES ET ACTIONS CULTURELLES"},"content":{"rendered":"<p><span style=\"color: #ffcc00;\">L\u2019association les Phosphorescentes a pour objet de promouvoir les arts plastiques et le spectacle vivant, au del\u00e0 des spectacles, avec des interventions pluridisciplinaires :\u00a0<\/span><\/p>\n<ul>\n<li>Ateliers\/spectacle comme\u00a0<b><i>\u00ab\u00a0Le Petit Bal est Phosphorescent\u00a0\u00bb<\/i><\/b><\/li>\n<li>Ateliers famille comme\u00a0<b><i>\u00ab\u00a0Le Bal des Familles\u00a0\u00bb<\/i><\/b><\/li>\n<li>Formation, d&rsquo;encadrants Enfance et Petite Enfance.<\/li>\n<li>Action culturelle avec le montage de projets Danse\/Musique\/Arts Plastiques, en milieu scolaire ou avec les collectivit\u00e9s territoriales.<\/li>\n<li>Expositions.<\/li>\n<\/ul>\n<p class=\"western\">Contact<span class=\"apple-converted-space\">\u00a0<\/span><b><i>\u00ab\u00a0Les Phosphorescentes en Sc\u00e8ne.<\/i><\/b><b>\u00a0\u00bb<\/b>Marion MERCIER 0621267820<span class=\"apple-converted-space\">\u00a0<\/span><\/p>\n<p class=\"western\"><a><b>mmercier38@free.fr<\/b><\/a><\/p>\n<p>ARTISTES ASSOCIES INTERVENANTS<br \/>\n&#8211; Marion MERCIER, plasticienne, metteur en sc\u00e8ne, cr\u00e9atrice de costumes de sc\u00e8ne(Les Phosphorescentes), formatrice, agr\u00e9ment DRAC et Education Nationale.<br \/>\n&#8211; Genevi\u00e8ve BURNOD, musicienne, chanteuse et compositeur (Association Eclats de Voix), agr\u00e9ment DRAC et Education Nationale.<br \/>\n&#8211; B\u00e9atriz ACUNA, chor\u00e9graphe, danseuse (Cie Adelante), Dipl\u00f4me d\u2019Etat, agr\u00e9ment DRAC et Education Nationale.<br \/>\n&#8211; Sylvie HONLE, chor\u00e9graphe, danseuse (Cie Adelante), Dipl\u00f4me d\u2019Etat, agr\u00e9ment DRAC et Education Nationale<br \/>\n.- Clotilde AUBRIER, metteur en sc\u00e8ne, com\u00e9dienne (Th\u00e9\u00e2tre de la Transparence), Formatrice, agr\u00e9ment DRAC et Education Nationale.<br \/>\n&#8211; Christophe DELACHAUX, metteur en sc\u00e8ne, com\u00e9dien, danseur, formateur, agr\u00e9ment DRAC et Education Nationale.<br \/>\n&#8211; Dominique Fiori, costumi\u00e8re (Les Phosphorescentes), agr\u00e9ment DRAC et Education Nationale.<\/p>\n<p>Tarifs des interventions sur demande : Marion Mercier mail mmercier38@free.fr<\/p>\n","protected":false},"excerpt":{"rendered":"<p> D\u00e9claration d&rsquo;intention de l&rsquo;Association les Phosphorescentes en Sc\u00e8ne<\/p>\n","protected":false},"author":1,"featured_media":250,"comment_status":"closed","ping_status":"closed","sticky":false,"template":"","format":"standard","meta":[],"categories":[5],"tags":[],"_links":{"self":[{"href":"https:\/\/www.lesphosphorescentes.com\/index.php?rest_route=\/wp\/v2\/posts\/175"}],"collection":[{"href":"https:\/\/www.lesphosphorescentes.com\/index.php?rest_route=\/wp\/v2\/posts"}],"about":[{"href":"https:\/\/www.lesphosphorescentes.com\/index.php?rest_route=\/wp\/v2\/types\/post"}],"author":[{"embeddable":true,"href":"https:\/\/www.lesphosphorescentes.com\/index.php?rest_route=\/wp\/v2\/users\/1"}],"replies":[{"embeddable":true,"href":"https:\/\/www.lesphosphorescentes.com\/index.php?rest_route=%2Fwp%2Fv2%2Fcomments&post=175"}],"version-history":[{"count":5,"href":"https:\/\/www.lesphosphorescentes.com\/index.php?rest_route=\/wp\/v2\/posts\/175\/revisions"}],"predecessor-version":[{"id":574,"href":"https:\/\/www.lesphosphorescentes.com\/index.php?rest_route=\/wp\/v2\/posts\/175\/revisions\/574"}],"wp:featuredmedia":[{"embeddable":true,"href":"https:\/\/www.lesphosphorescentes.com\/index.php?rest_route=\/wp\/v2\/media\/250"}],"wp:attachment":[{"href":"https:\/\/www.lesphosphorescentes.com\/index.php?rest_route=%2Fwp%2Fv2%2Fmedia&parent=175"}],"wp:term":[{"taxonomy":"category","embeddable":true,"href":"https:\/\/www.lesphosphorescentes.com\/index.php?rest_route=%2Fwp%2Fv2%2Fcategories&post=175"},{"taxonomy":"post_tag","embeddable":true,"href":"https:\/\/www.lesphosphorescentes.com\/index.php?rest_route=%2Fwp%2Fv2%2Ftags&post=175"}],"curies":[{"name":"wp","href":"https:\/\/api.w.org\/{rel}","templated":true}]}}